{"id":1716,"date":"2021-04-19T13:38:34","date_gmt":"2021-04-19T13:38:34","guid":{"rendered":"https:\/\/partidochega.pt\/?p=1716"},"modified":"2022-05-14T13:38:42","modified_gmt":"2022-05-14T13:38:42","slug":"marcacao-da-ii-convencao-regional","status":"publish","type":"post","link":"https:\/\/partidochega.pt\/index.php\/2021\/04\/19\/marcacao-da-ii-convencao-regional\/","title":{"rendered":"Marca\u00e7\u00e3o da II Conven\u00e7\u00e3o Regional"},"content":{"rendered":"<p>Jo\u00e3o Manuel Albano Martins, militante n\u00ba 8093, residente em Ponta Delgada \u2013 S. Miguel \u2013 A\u00e7ores, na qualidade de Presidente da Mesa da Assembleia Regional dos A\u00e7ores do Partido CHEGA, no uso dos poderes que lhe confere os estatutos do partido, torna p\u00fablico a data para a realiza\u00e7\u00e3o da II Conven\u00e7\u00e3o Regional dos A\u00e7ores do Partido Chega.<\/p>\n<p>&nbsp;<\/p>\n<p>Assim, o ato eleitoral de \u201cII Conven\u00e7\u00e3o Regional dos A\u00e7ores do Partido Chega\u201d dever\u00e1 realizar-se a nove de maio de dois mil e vinte e um, entre as 9:00 e as 14:00h, sendo o local para a realiza\u00e7\u00e3o da mesma, o audit\u00f3rio da Associa\u00e7\u00e3o dos Bombeiros Volunt\u00e1rios de Ponta Delgada.<\/p>\n<p>&nbsp;<\/p>\n<p>Ponta Delgada, 9 de abril de 2021.<\/p>\n<p>O Presidente da Mesa da Assembleia Regional dos A\u00e7ores do Partido CHEGA.<\/p>\n","protected":false},"excerpt":{"rendered":"<p>Jo\u00e3o Manuel Albano Martins, militante n\u00ba 8093, residente em Ponta Delgada \u2013 S. Miguel \u2013 A\u00e7ores, na qualidade de Presidente da Mesa da Assembleia Regional dos A\u00e7ores do Partido CHEGA, no uso dos poderes que lhe confere os estatutos do partido, torna p\u00fablico a data para a realiza\u00e7\u00e3o da II Conven\u00e7\u00e3o Regional dos A\u00e7ores do &hellip; <\/p>\n<p class=\"link-more\"><a href=\"https:\/\/partidochega.pt\/index.php\/2021\/04\/19\/marcacao-da-ii-convencao-regional\/\" class=\"more-link\">Continuar a ler <span class=\"screen-reader-text\">&#8220;Marca\u00e7\u00e3o da II Conven\u00e7\u00e3o Regional&#8221;<\/span><\/a><\/p>\n","protected":false},"author":1,"featured_media":1667,"comment_status":"open","ping_status":"open","sticky":false,"template":"","format":"standard","meta":{"footnotes":""},"categories":[18],"tags":[],"class_list":["post-1716","post","type-post","status-publish","format-standard","has-post-thumbnail","hentry","category-convocatorias"],"yoast_head":"<!-- This site is optimized with the Yoast SEO plugin v21.5 - https:\/\/yoast.com\/wordpress\/plugins\/seo\/ -->\n<title>Marca\u00e7\u00e3o da II Conven\u00e7\u00e3o Regional - CHEGA<\/title>\n<meta name=\"robots\" content=\"index, follow, max-snippet:-1, max-image-preview:large, max-video-preview:-1\" \/>\n<link rel=\"canonical\" href=\"https:\/\/partidochega.pt\/index.php\/2021\/04\/19\/marcacao-da-ii-convencao-regional\/\" \/>\n<meta property=\"og:locale\" content=\"pt_PT\" \/>\n<meta property=\"og:type\" content=\"article\" \/>\n<meta property=\"og:title\" content=\"Marca\u00e7\u00e3o da II Conven\u00e7\u00e3o Regional - CHEGA\" \/>\n<meta property=\"og:description\" content=\"Jo\u00e3o Manuel Albano Martins, militante n\u00ba 8093, residente em Ponta Delgada \u2013 S. Miguel \u2013 A\u00e7ores, na qualidade de Presidente da Mesa da Assembleia Regional dos A\u00e7ores do Partido CHEGA, no uso dos poderes que lhe confere os estatutos do partido, torna p\u00fablico a data para a realiza\u00e7\u00e3o da II Conven\u00e7\u00e3o Regional dos A\u00e7ores do &hellip; Continuar a ler &quot;Marca\u00e7\u00e3o da II Conven\u00e7\u00e3o Regional&quot;\" \/>\n<meta property=\"og:url\" content=\"https:\/\/partidochega.pt\/index.php\/2021\/04\/19\/marcacao-da-ii-convencao-regional\/\" \/>\n<meta property=\"og:site_name\" content=\"CHEGA\" \/>\n<meta property=\"article:publisher\" content=\"https:\/\/www.facebook.com\/PartidoChegaOficial\/\" \/>\n<meta property=\"article:published_time\" content=\"2021-04-19T13:38:34+00:00\" \/>\n<meta property=\"article:modified_time\" content=\"2022-05-14T13:38:42+00:00\" \/>\n<meta property=\"og:image\" content=\"https:\/\/partidochega.pt\/wp-content\/uploads\/2022\/05\/NEWSLETTER-1-1536x864-1.jpg\" \/>\n\t<meta property=\"og:image:width\" content=\"1536\" \/>\n\t<meta property=\"og:image:height\" content=\"864\" \/>\n\t<meta property=\"og:image:type\" content=\"image\/jpeg\" \/>\n<meta name=\"author\" content=\"admin\" \/>\n<meta name=\"twitter:card\" content=\"summary_large_image\" \/>\n<meta name=\"twitter:creator\" content=\"@PartidoCHEGA\" \/>\n<meta name=\"twitter:site\" content=\"@PartidoCHEGA\" \/>\n<meta name=\"twitter:label1\" content=\"Escrito por\" \/>\n\t<meta name=\"twitter:data1\" content=\"admin\" \/>\n\t<meta name=\"twitter:label2\" content=\"Tempo estimado de leitura\" \/>\n\t<meta name=\"twitter:data2\" content=\"1 minuto\" \/>\n<script type=\"application\/ld+json\" class=\"yoast-schema-graph\">{\"@context\":\"https:\/\/schema.org\",\"@graph\":[{\"@type\":\"Article\",\"@id\":\"https:\/\/partidochega.pt\/index.php\/2021\/04\/19\/marcacao-da-ii-convencao-regional\/#article\",\"isPartOf\":{\"@id\":\"https:\/\/partidochega.pt\/index.php\/2021\/04\/19\/marcacao-da-ii-convencao-regional\/\"},\"author\":{\"name\":\"admin\",\"@id\":\"https:\/\/partidochega.pt\/#\/schema\/person\/38ccf38e1f1187727eac0553f95d0ffd\"},\"headline\":\"Marca\u00e7\u00e3o da II Conven\u00e7\u00e3o Regional\",\"datePublished\":\"2021-04-19T13:38:34+00:00\",\"dateModified\":\"2022-05-14T13:38:42+00:00\",\"mainEntityOfPage\":{\"@id\":\"https:\/\/partidochega.pt\/index.php\/2021\/04\/19\/marcacao-da-ii-convencao-regional\/\"},\"wordCount\":143,\"commentCount\":0,\"publisher\":{\"@id\":\"https:\/\/partidochega.pt\/#organization\"},\"articleSection\":[\"Convocat\u00f3rias\"],\"inLanguage\":\"pt-PT\",\"potentialAction\":[{\"@type\":\"CommentAction\",\"name\":\"Comment\",\"target\":[\"https:\/\/partidochega.pt\/index.php\/2021\/04\/19\/marcacao-da-ii-convencao-regional\/#respond\"]}]},{\"@type\":\"WebPage\",\"@id\":\"https:\/\/partidochega.pt\/index.php\/2021\/04\/19\/marcacao-da-ii-convencao-regional\/\",\"url\":\"https:\/\/partidochega.pt\/index.php\/2021\/04\/19\/marcacao-da-ii-convencao-regional\/\",\"name\":\"Marca\u00e7\u00e3o da II Conven\u00e7\u00e3o Regional - CHEGA\",\"isPartOf\":{\"@id\":\"https:\/\/partidochega.pt\/#website\"},\"datePublished\":\"2021-04-19T13:38:34+00:00\",\"dateModified\":\"2022-05-14T13:38:42+00:00\",\"breadcrumb\":{\"@id\":\"https:\/\/partidochega.pt\/index.php\/2021\/04\/19\/marcacao-da-ii-convencao-regional\/#breadcrumb\"},\"inLanguage\":\"pt-PT\",\"potentialAction\":[{\"@type\":\"ReadAction\",\"target\":[\"https:\/\/partidochega.pt\/index.php\/2021\/04\/19\/marcacao-da-ii-convencao-regional\/\"]}]},{\"@type\":\"BreadcrumbList\",\"@id\":\"https:\/\/partidochega.pt\/index.php\/2021\/04\/19\/marcacao-da-ii-convencao-regional\/#breadcrumb\",\"itemListElement\":[{\"@type\":\"ListItem\",\"position\":1,\"name\":\"In\u00edcio\",\"item\":\"https:\/\/partidochega.pt\/\"},{\"@type\":\"ListItem\",\"position\":2,\"name\":\"Marca\u00e7\u00e3o da II Conven\u00e7\u00e3o Regional\"}]},{\"@type\":\"WebSite\",\"@id\":\"https:\/\/partidochega.pt\/#website\",\"url\":\"https:\/\/partidochega.pt\/\",\"name\":\"CHEGA\",\"description\":\"Partido Pol\u00edtico\",\"publisher\":{\"@id\":\"https:\/\/partidochega.pt\/#organization\"},\"potentialAction\":[{\"@type\":\"SearchAction\",\"target\":{\"@type\":\"EntryPoint\",\"urlTemplate\":\"https:\/\/partidochega.pt\/?s={search_term_string}\"},\"query-input\":\"required name=search_term_string\"}],\"inLanguage\":\"pt-PT\"},{\"@type\":\"Organization\",\"@id\":\"https:\/\/partidochega.pt\/#organization\",\"name\":\"Partido CHEGA\",\"url\":\"https:\/\/partidochega.pt\/\",\"logo\":{\"@type\":\"ImageObject\",\"inLanguage\":\"pt-PT\",\"@id\":\"https:\/\/partidochega.pt\/#\/schema\/logo\/image\/\",\"url\":\"https:\/\/partidochega.pt\/wp-content\/uploads\/2022\/05\/cropped-logo_chega.png\",\"contentUrl\":\"https:\/\/partidochega.pt\/wp-content\/uploads\/2022\/05\/cropped-logo_chega.png\",\"width\":512,\"height\":512,\"caption\":\"Partido CHEGA\"},\"image\":{\"@id\":\"https:\/\/partidochega.pt\/#\/schema\/logo\/image\/\"},\"sameAs\":[\"https:\/\/www.facebook.com\/PartidoChegaOficial\/\",\"https:\/\/twitter.com\/PartidoCHEGA\",\"https:\/\/www.youtube.com\/c\/CHEGATV\",\"https:\/\/www.instagram.com\/partidochega\/\",\"https:\/\/t.me\/PartidoCHEGA\"]},{\"@type\":\"Person\",\"@id\":\"https:\/\/partidochega.pt\/#\/schema\/person\/38ccf38e1f1187727eac0553f95d0ffd\",\"name\":\"admin\",\"image\":{\"@type\":\"ImageObject\",\"inLanguage\":\"pt-PT\",\"@id\":\"https:\/\/partidochega.pt\/#\/schema\/person\/image\/\",\"url\":\"https:\/\/secure.gravatar.com\/avatar\/7c9d5af6987309e04b808b48407275b72c4a58383fac1047aaa1d331fa506039?s=96&d=mm&r=g\",\"contentUrl\":\"https:\/\/secure.gravatar.com\/avatar\/7c9d5af6987309e04b808b48407275b72c4a58383fac1047aaa1d331fa506039?s=96&d=mm&r=g\",\"caption\":\"admin\"},\"sameAs\":[\"https:\/\/partidochega.pt\"]}]}<\/script>\n<!-- \/ Yoast SEO plugin. -->","yoast_head_json":{"title":"Marca\u00e7\u00e3o da II Conven\u00e7\u00e3o Regional - CHEGA","robots":{"index":"index","follow":"follow","max-snippet":"max-snippet:-1","max-image-preview":"max-image-preview:large","max-video-preview":"max-video-preview:-1"},"canonical":"https:\/\/partidochega.pt\/index.php\/2021\/04\/19\/marcacao-da-ii-convencao-regional\/","og_locale":"pt_PT","og_type":"article","og_title":"Marca\u00e7\u00e3o da II Conven\u00e7\u00e3o Regional - CHEGA","og_description":"Jo\u00e3o Manuel Albano Martins, militante n\u00ba 8093, residente em Ponta Delgada \u2013 S. Miguel \u2013 A\u00e7ores, na qualidade de Presidente da Mesa da Assembleia Regional dos A\u00e7ores do Partido CHEGA, no uso dos poderes que lhe confere os estatutos do partido, torna p\u00fablico a data para a realiza\u00e7\u00e3o da II Conven\u00e7\u00e3o Regional dos A\u00e7ores do &hellip; Continuar a ler \"Marca\u00e7\u00e3o da II Conven\u00e7\u00e3o Regional\"","og_url":"https:\/\/partidochega.pt\/index.php\/2021\/04\/19\/marcacao-da-ii-convencao-regional\/","og_site_name":"CHEGA","article_publisher":"https:\/\/www.facebook.com\/PartidoChegaOficial\/","article_published_time":"2021-04-19T13:38:34+00:00","article_modified_time":"2022-05-14T13:38:42+00:00","og_image":[{"width":1536,"height":864,"url":"https:\/\/partidochega.pt\/wp-content\/uploads\/2022\/05\/NEWSLETTER-1-1536x864-1.jpg","type":"image\/jpeg"}],"author":"admin","twitter_card":"summary_large_image","twitter_creator":"@PartidoCHEGA","twitter_site":"@PartidoCHEGA","twitter_misc":{"Escrito por":"admin","Tempo estimado de leitura":"1 minuto"},"schema":{"@context":"https:\/\/schema.org","@graph":[{"@type":"Article","@id":"https:\/\/partidochega.pt\/index.php\/2021\/04\/19\/marcacao-da-ii-convencao-regional\/#article","isPartOf":{"@id":"https:\/\/partidochega.pt\/index.php\/2021\/04\/19\/marcacao-da-ii-convencao-regional\/"},"author":{"name":"admin","@id":"https:\/\/partidochega.pt\/#\/schema\/person\/38ccf38e1f1187727eac0553f95d0ffd"},"headline":"Marca\u00e7\u00e3o da II Conven\u00e7\u00e3o Regional","datePublished":"2021-04-19T13:38:34+00:00","dateModified":"2022-05-14T13:38:42+00:00","mainEntityOfPage":{"@id":"https:\/\/partidochega.pt\/index.php\/2021\/04\/19\/marcacao-da-ii-convencao-regional\/"},"wordCount":143,"commentCount":0,"publisher":{"@id":"https:\/\/partidochega.pt\/#organization"},"articleSection":["Convocat\u00f3rias"],"inLanguage":"pt-PT","potentialAction":[{"@type":"CommentAction","name":"Comment","target":["https:\/\/partidochega.pt\/index.php\/2021\/04\/19\/marcacao-da-ii-convencao-regional\/#respond"]}]},{"@type":"WebPage","@id":"https:\/\/partidochega.pt\/index.php\/2021\/04\/19\/marcacao-da-ii-convencao-regional\/","url":"https:\/\/partidochega.pt\/index.php\/2021\/04\/19\/marcacao-da-ii-convencao-regional\/","name":"Marca\u00e7\u00e3o da II Conven\u00e7\u00e3o Regional - CHEGA","isPartOf":{"@id":"https:\/\/partidochega.pt\/#website"},"datePublished":"2021-04-19T13:38:34+00:00","dateModified":"2022-05-14T13:38:42+00:00","breadcrumb":{"@id":"https:\/\/partidochega.pt\/index.php\/2021\/04\/19\/marcacao-da-ii-convencao-regional\/#breadcrumb"},"inLanguage":"pt-PT","potentialAction":[{"@type":"ReadAction","target":["https:\/\/partidochega.pt\/index.php\/2021\/04\/19\/marcacao-da-ii-convencao-regional\/"]}]},{"@type":"BreadcrumbList","@id":"https:\/\/partidochega.pt\/index.php\/2021\/04\/19\/marcacao-da-ii-convencao-regional\/#breadcrumb","itemListElement":[{"@type":"ListItem","position":1,"name":"In\u00edcio","item":"https:\/\/partidochega.pt\/"},{"@type":"ListItem","position":2,"name":"Marca\u00e7\u00e3o da II Conven\u00e7\u00e3o Regional"}]},{"@type":"WebSite","@id":"https:\/\/partidochega.pt\/#website","url":"https:\/\/partidochega.pt\/","name":"CHEGA","description":"Partido Pol\u00edtico","publisher":{"@id":"https:\/\/partidochega.pt\/#organization"},"potentialAction":[{"@type":"SearchAction","target":{"@type":"EntryPoint","urlTemplate":"https:\/\/partidochega.pt\/?s={search_term_string}"},"query-input":"required name=search_term_string"}],"inLanguage":"pt-PT"},{"@type":"Organization","@id":"https:\/\/partidochega.pt\/#organization","name":"Partido CHEGA","url":"https:\/\/partidochega.pt\/","logo":{"@type":"ImageObject","inLanguage":"pt-PT","@id":"https:\/\/partidochega.pt\/#\/schema\/logo\/image\/","url":"https:\/\/partidochega.pt\/wp-content\/uploads\/2022\/05\/cropped-logo_chega.png","contentUrl":"https:\/\/partidochega.pt\/wp-content\/uploads\/2022\/05\/cropped-logo_chega.png","width":512,"height":512,"caption":"Partido CHEGA"},"image":{"@id":"https:\/\/partidochega.pt\/#\/schema\/logo\/image\/"},"sameAs":["https:\/\/www.facebook.com\/PartidoChegaOficial\/","https:\/\/twitter.com\/PartidoCHEGA","https:\/\/www.youtube.com\/c\/CHEGATV","https:\/\/www.instagram.com\/partidochega\/","https:\/\/t.me\/PartidoCHEGA"]},{"@type":"Person","@id":"https:\/\/partidochega.pt\/#\/schema\/person\/38ccf38e1f1187727eac0553f95d0ffd","name":"admin","image":{"@type":"ImageObject","inLanguage":"pt-PT","@id":"https:\/\/partidochega.pt\/#\/schema\/person\/image\/","url":"https:\/\/secure.gravatar.com\/avatar\/7c9d5af6987309e04b808b48407275b72c4a58383fac1047aaa1d331fa506039?s=96&d=mm&r=g","contentUrl":"https:\/\/secure.gravatar.com\/avatar\/7c9d5af6987309e04b808b48407275b72c4a58383fac1047aaa1d331fa506039?s=96&d=mm&r=g","caption":"admin"},"sameAs":["https:\/\/partidochega.pt"]}]}},"_links":{"self":[{"href":"https:\/\/partidochega.pt\/index.php\/wp-json\/wp\/v2\/posts\/1716","targetHints":{"allow":["GET"]}}],"collection":[{"href":"https:\/\/partidochega.pt\/index.php\/wp-json\/wp\/v2\/posts"}],"about":[{"href":"https:\/\/partidochega.pt\/index.php\/wp-json\/wp\/v2\/types\/post"}],"author":[{"embeddable":true,"href":"https:\/\/partidochega.pt\/index.php\/wp-json\/wp\/v2\/users\/1"}],"replies":[{"embeddable":true,"href":"https:\/\/partidochega.pt\/index.php\/wp-json\/wp\/v2\/comments?post=1716"}],"version-history":[{"count":1,"href":"https:\/\/partidochega.pt\/index.php\/wp-json\/wp\/v2\/posts\/1716\/revisions"}],"predecessor-version":[{"id":1717,"href":"https:\/\/partidochega.pt\/index.php\/wp-json\/wp\/v2\/posts\/1716\/revisions\/1717"}],"wp:featuredmedia":[{"embeddable":true,"href":"https:\/\/partidochega.pt\/index.php\/wp-json\/wp\/v2\/media\/1667"}],"wp:attachment":[{"href":"https:\/\/partidochega.pt\/index.php\/wp-json\/wp\/v2\/media?parent=1716"}],"wp:term":[{"taxonomy":"category","embeddable":true,"href":"https:\/\/partidochega.pt\/index.php\/wp-json\/wp\/v2\/categories?post=1716"},{"taxonomy":"post_tag","embeddable":true,"href":"https:\/\/partidochega.pt\/index.php\/wp-json\/wp\/v2\/tags?post=1716"}],"curies":[{"name":"wp","href":"https:\/\/api.w.org\/{rel}","templated":true}]}}