{"id":13205,"date":"2025-05-03T14:20:34","date_gmt":"2025-05-03T13:20:34","guid":{"rendered":"https:\/\/partidochega.pt\/?p=13205"},"modified":"2025-05-03T14:20:34","modified_gmt":"2025-05-03T13:20:34","slug":"beja-vitima-do-conluio-entre-o-poder-local-e-o-central","status":"publish","type":"post","link":"https:\/\/partidochega.pt\/index.php\/2025\/05\/03\/beja-vitima-do-conluio-entre-o-poder-local-e-o-central\/","title":{"rendered":"Beja \u2013 V\u00edtima do Conluio entre o Poder Local e o Central"},"content":{"rendered":"<p>Beja, outrora Pax J\u00falia, ber\u00e7o da Hist\u00f3ria e da civiliza\u00e7\u00e3o, vive hoje o paradoxo de ser um s\u00edmbolo da grandeza romana e, simultaneamente, o reflexo do abandono moderno, uma cidade que foi centro administrativo da Lusit\u00e2nia romana, com vias que ligavam imp\u00e9rios e promoviam progresso, encontra-se hoje isolada por acessos, que mais parecem de um territ\u00f3rio esquecido.<\/p>\n<p>H\u00e1 mais de cinco d\u00e9cadas que Beja e o seu distrito s\u00e3o tratados como nota de rodap\u00e9 nas prioridades do poder pol\u00edtico Nacional, onde aquilo que poderia e deveria ser uma regi\u00e3o estrat\u00e9gica, rica em patrim\u00f3nio, recursos e identidade, \u00e9 hoje o espelho do desinteresse, da incompet\u00eancia e da neglig\u00eancia de quem governa, a partir de Lisboa, mas tamb\u00e9m a partir das C\u00e2maras Municipais que, em teoria, deveriam defender os seus territ\u00f3rios.<\/p>\n<p>Beja \u00e9 um exemplo gritante de como o Estado falha no seu dever de coes\u00e3o territorial e a culpa tem nomes, cores e s\u00edmbolos, o Partido Socialista, maiorit\u00e1rio em 10 dos 14 concelhos do distrito, tem tido tempo, meios e poder para agir, mas preferiu n\u00e3o o fazer e a CDU, em minoria mas com forte presen\u00e7a hist\u00f3rica na regi\u00e3o, prefere a ret\u00f3rica ideol\u00f3gica da in\u00e9rcia \u00e0 ac\u00e7\u00e3o pr\u00e1tica, encostando-se \u00e0 vitimiza\u00e7\u00e3o e recusando-se a reconhecer o fracasso da sua gest\u00e3o nas autarquias que ainda controla.<br \/>\nOs factos falam por si, despovoamento acelerado, envelhecimento demogr\u00e1fico galopante, mais de 28% da popula\u00e7\u00e3o com mais de 65 anos, \u00eaxodo dos jovens, mais de 30% abandonam a regi\u00e3o devido \u00e0 falta de perspectivas profissionais, e uma agricultura, outrora motor econ\u00f3mico da regi\u00e3o, reduzida a 3% da popula\u00e7\u00e3o ativa, com uma produ\u00e7\u00e3o que n\u00e3o chega a 6,3%, quando em 1990 representava quase 60%, o retrato de um colapso absoluto.<\/p>\n<p>O resultado desta alian\u00e7a t\u00e1cita de omiss\u00e3o \u00e9 um distrito moribundo, uma popula\u00e7\u00e3o envelhecida, uma juventude que foge, uma agricultura abandonada, e uma economia paralisada, pois os n\u00fameros s\u00e3o reveladores, mas mais grave ainda, \u00e9 a atitude de quem manda, a arrog\u00e2ncia pol\u00edtica de quem se perpetua no poder, sem prestar contas, sem ouvir, sem agir e um povo anestesiado em promessas v\u00e3s nunca cumpridas.<\/p>\n<p>&nbsp;<\/p>\n<p>E n\u00e3o, o problema n\u00e3o est\u00e1 apenas em Lisboa, est\u00e1 tamb\u00e9m em Beja, nas suas elites pol\u00edticas locais, que preferem garantir cargos e favores do que bater o p\u00e9 ao poder central, onde o centralismo s\u00f3 \u00e9 poss\u00edvel quando encontra aliados regionais dispostos a calar-se em troca de migalhas e Beja, todos os seus Mun\u00edcipes, tem sido tra\u00edda, vezes sem conta, por quem deveria defend\u00ea-la.<\/p>\n<p>As acessibilidades s\u00e3o de terceiro mundo, onde as liga\u00e7\u00f5es ferrovi\u00e1rias e rodovi\u00e1rias s\u00e3o uma afronta a qualquer no\u00e7\u00e3o de justi\u00e7a territorial e a situa\u00e7\u00e3o social agrava-se a olhos vistos, com uma imigra\u00e7\u00e3o descontrolada, tr\u00e1fico humano, crescimento dos sem-abrigo e criminalidade em alta, tudo isto sob o olhar c\u00famplice de quem finge que tudo est\u00e1 bem, desde que os relat\u00f3rios se mantenham dentro dos gabinetes, n\u00e3o retratando a realidade, e n\u00e3o nas ruas.<\/p>\n<p>\u00c9 tamb\u00e9m um falhan\u00e7o moral, um falhan\u00e7o de quem, de fato e gravata, desfila em campanhas prometendo \u201cinteriorizar o investimento\u201d, para depois regressar \u00e0 capital e esquecer que Beja existe, um falhan\u00e7o de quem, \u00e0 esquerda e \u00e0 direita, prefere manter o povo dependente de subs\u00eddios, migalhas, a construir condi\u00e7\u00f5es para um verdadeiro desenvolvimento econ\u00f3mico.<\/p>\n<p>Beja n\u00e3o pode continuar a ser decorativa nas campanhas eleitorais e descart\u00e1vel nos or\u00e7amentos de Estado, \u00e9 altura de exigir, sem tibiezas, uma rutura com este ciclo vicioso, \u00e9 altura de responsabilizar os partidos que nos governam, nos concelhos, na Regi\u00e3o, na Na\u00e7\u00e3o e \u00e9 altura de colocar Beja na linha da frente da luta por um Portugal mais justo, mais equilibrado e mais decente.<\/p>\n<p>CHEGA de servilismo pol\u00edtico.<br \/>\nCHEGA de administra\u00e7\u00f5es aut\u00e1rquicas acomodadas.<br \/>\nCHEGA de um Pa\u00eds a duas velocidades, onde uns vivem \u00e0 custa do trabalho e sacrif\u00edcio de outros.<br \/>\nBeja n\u00e3o \u00e9 terra de resignados, \u00e9 terra de Hist\u00f3ria, de for\u00e7a e de futuro, se, e s\u00f3 se, os seus cidad\u00e3os, Mun\u00edcipes, se levantarem contra o esquecimento e exigirem a mudan\u00e7a, a tal RUTURA, real.<\/p>\n<p>Por um Distrito mais Condigno, Pr\u00f3spero e Justo.<br \/>\nPor Beja, n\u00e3o a que nos deixaram, mas a que temos o dever de reconquistar e Merecemos!<\/p>\n<p><strong>por M\u00e1rio Cavaco<\/strong> (Oficial Superior da For\u00e7a A\u00e9rea Portuguesa na Reforma e ex-Retornado &#8211; Comiss\u00e3o Pol\u00edtica da Distrital de Beja)<\/p>\n","protected":false},"excerpt":{"rendered":"<p>Beja, outrora Pax J\u00falia, ber\u00e7o da Hist\u00f3ria e da civiliza\u00e7\u00e3o, vive hoje o paradoxo de ser um s\u00edmbolo da grandeza romana e, simultaneamente, o reflexo do abandono moderno, uma cidade que foi centro administrativo da Lusit\u00e2nia romana, com vias que ligavam imp\u00e9rios e promoviam progresso, encontra-se hoje isolada por acessos, que mais parecem de um &hellip; <\/p>\n<p class=\"link-more\"><a href=\"https:\/\/partidochega.pt\/index.php\/2025\/05\/03\/beja-vitima-do-conluio-entre-o-poder-local-e-o-central\/\" class=\"more-link\">Continuar a ler <span class=\"screen-reader-text\">&#8220;Beja \u2013 V\u00edtima do Conluio entre o Poder Local e o Central&#8221;<\/span><\/a><\/p>\n","protected":false},"author":3,"featured_media":13206,"comment_status":"closed","ping_status":"open","sticky":false,"template":"","format":"standard","meta":{"footnotes":""},"categories":[24],"tags":[],"class_list":["post-13205","post","type-post","status-publish","format-standard","has-post-thumbnail","hentry","category-distrital-de-beja"],"yoast_head":"<!-- This site is optimized with the Yoast SEO plugin v21.5 - https:\/\/yoast.com\/wordpress\/plugins\/seo\/ -->\n<title>Beja \u2013 V\u00edtima do Conluio entre o Poder Local e o Central - CHEGA Distrital de Beja<\/title>\n<meta name=\"robots\" content=\"index, follow, max-snippet:-1, max-image-preview:large, max-video-preview:-1\" \/>\n<link rel=\"canonical\" href=\"https:\/\/partidochega.pt\/index.php\/2025\/05\/03\/beja-vitima-do-conluio-entre-o-poder-local-e-o-central\/\" \/>\n<meta property=\"og:locale\" content=\"pt_PT\" \/>\n<meta property=\"og:type\" content=\"article\" \/>\n<meta property=\"og:title\" content=\"Beja \u2013 V\u00edtima do Conluio entre o Poder Local e o Central - CHEGA Distrital de Beja\" \/>\n<meta property=\"og:description\" content=\"Beja, outrora Pax J\u00falia, ber\u00e7o da Hist\u00f3ria e da civiliza\u00e7\u00e3o, vive hoje o paradoxo de ser um s\u00edmbolo da grandeza romana e, simultaneamente, o reflexo do abandono moderno, uma cidade que foi centro administrativo da Lusit\u00e2nia romana, com vias que ligavam imp\u00e9rios e promoviam progresso, encontra-se hoje isolada por acessos, que mais parecem de um &hellip; Continuar a ler &quot;Beja \u2013 V\u00edtima do Conluio entre o Poder Local e o Central&quot;\" \/>\n<meta property=\"og:url\" content=\"https:\/\/partidochega.pt\/index.php\/2025\/05\/03\/beja-vitima-do-conluio-entre-o-poder-local-e-o-central\/\" \/>\n<meta property=\"og:site_name\" content=\"CHEGA\" \/>\n<meta property=\"article:publisher\" content=\"https:\/\/www.facebook.com\/PartidoChegaOficial\/\" \/>\n<meta property=\"article:published_time\" content=\"2025-05-03T13:20:34+00:00\" \/>\n<meta property=\"og:image\" content=\"https:\/\/partidochega.pt\/wp-content\/uploads\/2025\/05\/2dce2b7f-5087-43b9-97f4-86a42db88fe4.jpeg\" \/>\n\t<meta property=\"og:image:width\" content=\"1024\" \/>\n\t<meta property=\"og:image:height\" content=\"1536\" \/>\n\t<meta property=\"og:image:type\" content=\"image\/jpeg\" \/>\n<meta name=\"author\" content=\"Tome\" \/>\n<meta name=\"twitter:card\" content=\"summary_large_image\" \/>\n<meta name=\"twitter:creator\" content=\"@PartidoCHEGA\" \/>\n<meta name=\"twitter:site\" content=\"@PartidoCHEGA\" \/>\n<meta name=\"twitter:label1\" content=\"Escrito por\" \/>\n\t<meta name=\"twitter:data1\" content=\"Tome\" \/>\n\t<meta name=\"twitter:label2\" content=\"Tempo estimado de leitura\" \/>\n\t<meta name=\"twitter:data2\" content=\"4 minutos\" \/>\n<script type=\"application\/ld+json\" class=\"yoast-schema-graph\">{\"@context\":\"https:\/\/schema.org\",\"@graph\":[{\"@type\":\"Article\",\"@id\":\"https:\/\/partidochega.pt\/index.php\/2025\/05\/03\/beja-vitima-do-conluio-entre-o-poder-local-e-o-central\/#article\",\"isPartOf\":{\"@id\":\"https:\/\/partidochega.pt\/index.php\/2025\/05\/03\/beja-vitima-do-conluio-entre-o-poder-local-e-o-central\/\"},\"author\":{\"name\":\"Tome\",\"@id\":\"https:\/\/partidochega.pt\/#\/schema\/person\/6d71d9993ec0d15ee5fd693553d8868f\"},\"headline\":\"Beja \u2013 V\u00edtima do Conluio entre o Poder Local e o Central\",\"datePublished\":\"2025-05-03T13:20:34+00:00\",\"dateModified\":\"2025-05-03T13:20:34+00:00\",\"mainEntityOfPage\":{\"@id\":\"https:\/\/partidochega.pt\/index.php\/2025\/05\/03\/beja-vitima-do-conluio-entre-o-poder-local-e-o-central\/\"},\"wordCount\":802,\"publisher\":{\"@id\":\"https:\/\/partidochega.pt\/#organization\"},\"articleSection\":[\"Distrital de Beja\"],\"inLanguage\":\"pt-PT\"},{\"@type\":\"WebPage\",\"@id\":\"https:\/\/partidochega.pt\/index.php\/2025\/05\/03\/beja-vitima-do-conluio-entre-o-poder-local-e-o-central\/\",\"url\":\"https:\/\/partidochega.pt\/index.php\/2025\/05\/03\/beja-vitima-do-conluio-entre-o-poder-local-e-o-central\/\",\"name\":\"Beja \u2013 V\u00edtima do Conluio entre o Poder Local e o Central - CHEGA Distrital de Beja\",\"isPartOf\":{\"@id\":\"https:\/\/partidochega.pt\/#website\"},\"datePublished\":\"2025-05-03T13:20:34+00:00\",\"dateModified\":\"2025-05-03T13:20:34+00:00\",\"breadcrumb\":{\"@id\":\"https:\/\/partidochega.pt\/index.php\/2025\/05\/03\/beja-vitima-do-conluio-entre-o-poder-local-e-o-central\/#breadcrumb\"},\"inLanguage\":\"pt-PT\",\"potentialAction\":[{\"@type\":\"ReadAction\",\"target\":[\"https:\/\/partidochega.pt\/index.php\/2025\/05\/03\/beja-vitima-do-conluio-entre-o-poder-local-e-o-central\/\"]}]},{\"@type\":\"BreadcrumbList\",\"@id\":\"https:\/\/partidochega.pt\/index.php\/2025\/05\/03\/beja-vitima-do-conluio-entre-o-poder-local-e-o-central\/#breadcrumb\",\"itemListElement\":[{\"@type\":\"ListItem\",\"position\":1,\"name\":\"In\u00edcio\",\"item\":\"https:\/\/partidochega.pt\/\"},{\"@type\":\"ListItem\",\"position\":2,\"name\":\"Beja \u2013 V\u00edtima do Conluio entre o Poder Local e o Central\"}]},{\"@type\":\"WebSite\",\"@id\":\"https:\/\/partidochega.pt\/#website\",\"url\":\"https:\/\/partidochega.pt\/\",\"name\":\"CHEGA\",\"description\":\"Partido Pol\u00edtico\",\"publisher\":{\"@id\":\"https:\/\/partidochega.pt\/#organization\"},\"potentialAction\":[{\"@type\":\"SearchAction\",\"target\":{\"@type\":\"EntryPoint\",\"urlTemplate\":\"https:\/\/partidochega.pt\/?s={search_term_string}\"},\"query-input\":\"required name=search_term_string\"}],\"inLanguage\":\"pt-PT\"},{\"@type\":\"Organization\",\"@id\":\"https:\/\/partidochega.pt\/#organization\",\"name\":\"Partido CHEGA\",\"url\":\"https:\/\/partidochega.pt\/\",\"logo\":{\"@type\":\"ImageObject\",\"inLanguage\":\"pt-PT\",\"@id\":\"https:\/\/partidochega.pt\/#\/schema\/logo\/image\/\",\"url\":\"https:\/\/partidochega.pt\/wp-content\/uploads\/2022\/05\/cropped-logo_chega.png\",\"contentUrl\":\"https:\/\/partidochega.pt\/wp-content\/uploads\/2022\/05\/cropped-logo_chega.png\",\"width\":512,\"height\":512,\"caption\":\"Partido CHEGA\"},\"image\":{\"@id\":\"https:\/\/partidochega.pt\/#\/schema\/logo\/image\/\"},\"sameAs\":[\"https:\/\/www.facebook.com\/PartidoChegaOficial\/\",\"https:\/\/twitter.com\/PartidoCHEGA\",\"https:\/\/www.youtube.com\/c\/CHEGATV\",\"https:\/\/www.instagram.com\/partidochega\/\",\"https:\/\/t.me\/PartidoCHEGA\"]},{\"@type\":\"Person\",\"@id\":\"https:\/\/partidochega.pt\/#\/schema\/person\/6d71d9993ec0d15ee5fd693553d8868f\",\"name\":\"Tome\",\"image\":{\"@type\":\"ImageObject\",\"inLanguage\":\"pt-PT\",\"@id\":\"https:\/\/partidochega.pt\/#\/schema\/person\/image\/\",\"url\":\"https:\/\/secure.gravatar.com\/avatar\/c1b5c868d06e723eb2b9b8b1c297dfb462d1035c7210315425bae370aa3bcc1a?s=96&d=mm&r=g\",\"contentUrl\":\"https:\/\/secure.gravatar.com\/avatar\/c1b5c868d06e723eb2b9b8b1c297dfb462d1035c7210315425bae370aa3bcc1a?s=96&d=mm&r=g\",\"caption\":\"Tome\"}}]}<\/script>\n<!-- \/ Yoast SEO plugin. -->","yoast_head_json":{"title":"Beja \u2013 V\u00edtima do Conluio entre o Poder Local e o Central - CHEGA Distrital de Beja","robots":{"index":"index","follow":"follow","max-snippet":"max-snippet:-1","max-image-preview":"max-image-preview:large","max-video-preview":"max-video-preview:-1"},"canonical":"https:\/\/partidochega.pt\/index.php\/2025\/05\/03\/beja-vitima-do-conluio-entre-o-poder-local-e-o-central\/","og_locale":"pt_PT","og_type":"article","og_title":"Beja \u2013 V\u00edtima do Conluio entre o Poder Local e o Central - CHEGA Distrital de Beja","og_description":"Beja, outrora Pax J\u00falia, ber\u00e7o da Hist\u00f3ria e da civiliza\u00e7\u00e3o, vive hoje o paradoxo de ser um s\u00edmbolo da grandeza romana e, simultaneamente, o reflexo do abandono moderno, uma cidade que foi centro administrativo da Lusit\u00e2nia romana, com vias que ligavam imp\u00e9rios e promoviam progresso, encontra-se hoje isolada por acessos, que mais parecem de um &hellip; Continuar a ler \"Beja \u2013 V\u00edtima do Conluio entre o Poder Local e o Central\"","og_url":"https:\/\/partidochega.pt\/index.php\/2025\/05\/03\/beja-vitima-do-conluio-entre-o-poder-local-e-o-central\/","og_site_name":"CHEGA","article_publisher":"https:\/\/www.facebook.com\/PartidoChegaOficial\/","article_published_time":"2025-05-03T13:20:34+00:00","og_image":[{"width":1024,"height":1536,"url":"https:\/\/partidochega.pt\/wp-content\/uploads\/2025\/05\/2dce2b7f-5087-43b9-97f4-86a42db88fe4.jpeg","type":"image\/jpeg"}],"author":"Tome","twitter_card":"summary_large_image","twitter_creator":"@PartidoCHEGA","twitter_site":"@PartidoCHEGA","twitter_misc":{"Escrito por":"Tome","Tempo estimado de leitura":"4 minutos"},"schema":{"@context":"https:\/\/schema.org","@graph":[{"@type":"Article","@id":"https:\/\/partidochega.pt\/index.php\/2025\/05\/03\/beja-vitima-do-conluio-entre-o-poder-local-e-o-central\/#article","isPartOf":{"@id":"https:\/\/partidochega.pt\/index.php\/2025\/05\/03\/beja-vitima-do-conluio-entre-o-poder-local-e-o-central\/"},"author":{"name":"Tome","@id":"https:\/\/partidochega.pt\/#\/schema\/person\/6d71d9993ec0d15ee5fd693553d8868f"},"headline":"Beja \u2013 V\u00edtima do Conluio entre o Poder Local e o Central","datePublished":"2025-05-03T13:20:34+00:00","dateModified":"2025-05-03T13:20:34+00:00","mainEntityOfPage":{"@id":"https:\/\/partidochega.pt\/index.php\/2025\/05\/03\/beja-vitima-do-conluio-entre-o-poder-local-e-o-central\/"},"wordCount":802,"publisher":{"@id":"https:\/\/partidochega.pt\/#organization"},"articleSection":["Distrital de Beja"],"inLanguage":"pt-PT"},{"@type":"WebPage","@id":"https:\/\/partidochega.pt\/index.php\/2025\/05\/03\/beja-vitima-do-conluio-entre-o-poder-local-e-o-central\/","url":"https:\/\/partidochega.pt\/index.php\/2025\/05\/03\/beja-vitima-do-conluio-entre-o-poder-local-e-o-central\/","name":"Beja \u2013 V\u00edtima do Conluio entre o Poder Local e o Central - CHEGA Distrital de Beja","isPartOf":{"@id":"https:\/\/partidochega.pt\/#website"},"datePublished":"2025-05-03T13:20:34+00:00","dateModified":"2025-05-03T13:20:34+00:00","breadcrumb":{"@id":"https:\/\/partidochega.pt\/index.php\/2025\/05\/03\/beja-vitima-do-conluio-entre-o-poder-local-e-o-central\/#breadcrumb"},"inLanguage":"pt-PT","potentialAction":[{"@type":"ReadAction","target":["https:\/\/partidochega.pt\/index.php\/2025\/05\/03\/beja-vitima-do-conluio-entre-o-poder-local-e-o-central\/"]}]},{"@type":"BreadcrumbList","@id":"https:\/\/partidochega.pt\/index.php\/2025\/05\/03\/beja-vitima-do-conluio-entre-o-poder-local-e-o-central\/#breadcrumb","itemListElement":[{"@type":"ListItem","position":1,"name":"In\u00edcio","item":"https:\/\/partidochega.pt\/"},{"@type":"ListItem","position":2,"name":"Beja \u2013 V\u00edtima do Conluio entre o Poder Local e o Central"}]},{"@type":"WebSite","@id":"https:\/\/partidochega.pt\/#website","url":"https:\/\/partidochega.pt\/","name":"CHEGA","description":"Partido Pol\u00edtico","publisher":{"@id":"https:\/\/partidochega.pt\/#organization"},"potentialAction":[{"@type":"SearchAction","target":{"@type":"EntryPoint","urlTemplate":"https:\/\/partidochega.pt\/?s={search_term_string}"},"query-input":"required name=search_term_string"}],"inLanguage":"pt-PT"},{"@type":"Organization","@id":"https:\/\/partidochega.pt\/#organization","name":"Partido CHEGA","url":"https:\/\/partidochega.pt\/","logo":{"@type":"ImageObject","inLanguage":"pt-PT","@id":"https:\/\/partidochega.pt\/#\/schema\/logo\/image\/","url":"https:\/\/partidochega.pt\/wp-content\/uploads\/2022\/05\/cropped-logo_chega.png","contentUrl":"https:\/\/partidochega.pt\/wp-content\/uploads\/2022\/05\/cropped-logo_chega.png","width":512,"height":512,"caption":"Partido CHEGA"},"image":{"@id":"https:\/\/partidochega.pt\/#\/schema\/logo\/image\/"},"sameAs":["https:\/\/www.facebook.com\/PartidoChegaOficial\/","https:\/\/twitter.com\/PartidoCHEGA","https:\/\/www.youtube.com\/c\/CHEGATV","https:\/\/www.instagram.com\/partidochega\/","https:\/\/t.me\/PartidoCHEGA"]},{"@type":"Person","@id":"https:\/\/partidochega.pt\/#\/schema\/person\/6d71d9993ec0d15ee5fd693553d8868f","name":"Tome","image":{"@type":"ImageObject","inLanguage":"pt-PT","@id":"https:\/\/partidochega.pt\/#\/schema\/person\/image\/","url":"https:\/\/secure.gravatar.com\/avatar\/c1b5c868d06e723eb2b9b8b1c297dfb462d1035c7210315425bae370aa3bcc1a?s=96&d=mm&r=g","contentUrl":"https:\/\/secure.gravatar.com\/avatar\/c1b5c868d06e723eb2b9b8b1c297dfb462d1035c7210315425bae370aa3bcc1a?s=96&d=mm&r=g","caption":"Tome"}}]}},"_links":{"self":[{"href":"https:\/\/partidochega.pt\/index.php\/wp-json\/wp\/v2\/posts\/13205","targetHints":{"allow":["GET"]}}],"collection":[{"href":"https:\/\/partidochega.pt\/index.php\/wp-json\/wp\/v2\/posts"}],"about":[{"href":"https:\/\/partidochega.pt\/index.php\/wp-json\/wp\/v2\/types\/post"}],"author":[{"embeddable":true,"href":"https:\/\/partidochega.pt\/index.php\/wp-json\/wp\/v2\/users\/3"}],"replies":[{"embeddable":true,"href":"https:\/\/partidochega.pt\/index.php\/wp-json\/wp\/v2\/comments?post=13205"}],"version-history":[{"count":1,"href":"https:\/\/partidochega.pt\/index.php\/wp-json\/wp\/v2\/posts\/13205\/revisions"}],"predecessor-version":[{"id":13207,"href":"https:\/\/partidochega.pt\/index.php\/wp-json\/wp\/v2\/posts\/13205\/revisions\/13207"}],"wp:featuredmedia":[{"embeddable":true,"href":"https:\/\/partidochega.pt\/index.php\/wp-json\/wp\/v2\/media\/13206"}],"wp:attachment":[{"href":"https:\/\/partidochega.pt\/index.php\/wp-json\/wp\/v2\/media?parent=13205"}],"wp:term":[{"taxonomy":"category","embeddable":true,"href":"https:\/\/partidochega.pt\/index.php\/wp-json\/wp\/v2\/categories?post=13205"},{"taxonomy":"post_tag","embeddable":true,"href":"https:\/\/partidochega.pt\/index.php\/wp-json\/wp\/v2\/tags?post=13205"}],"curies":[{"name":"wp","href":"https:\/\/api.w.org\/{rel}","templated":true}]}}